{"id":664,"date":"2011-10-04T12:34:33","date_gmt":"2011-10-04T10:34:33","guid":{"rendered":"http:\/\/www.rcv.de\/?p=664"},"modified":"2011-10-04T12:34:33","modified_gmt":"2011-10-04T10:34:33","slug":"grusel-knaller-rcv-kids-basteln-fur-die-fete","status":"publish","type":"post","link":"https:\/\/www.rcv1936.de\/rcv\/grusel-knaller-rcv-kids-basteln-fur-die-fete\/","title":{"rendered":"GRUSEL-KNALLER: RCV-KIDS BASTELN F\u00dcR DIE FETE"},"content":{"rendered":"<p><a href=\"http:\/\/www.rcv1936.de\/rcv\/wp-content\/uploads\/2011\/10\/Halloweenbasteln1.jpg\"><img loading=\"lazy\" decoding=\"async\" class=\"alignleft size-medium wp-image-665\" title=\"Halloweenbasteln1\" src=\"http:\/\/www.rcv1936.de\/rcv\/wp-content\/uploads\/2011\/10\/Halloweenbasteln1-300x202.jpg\" alt=\"\" width=\"300\" height=\"202\" srcset=\"https:\/\/www.rcv1936.de\/rcv\/wp-content\/uploads\/2011\/10\/Halloweenbasteln1-300x202.jpg 300w, https:\/\/www.rcv1936.de\/rcv\/wp-content\/uploads\/2011\/10\/Halloweenbasteln1-1024x690.jpg 1024w\" sizes=\"auto, (max-width: 300px) 100vw, 300px\" \/><\/a>Der <strong>GRUSEL-KNALLER<\/strong>, die RCV-Halloweenfete f\u00fcr Kinder bis 12 Jahren, wirft seine Schatten voraus. Die kleinen und &#8222;gro\u00dfen&#8220; Kinder haben am Wochenende flei\u00dfig gebastelt. Da wurde geschnitten, geklebt, gemalt, gewickelt, gespielt, gegessen und viel gelacht. Damit f\u00fcr die richtige Halloweendeko gesorgt ist, entstanden Flederm\u00e4use, Grusel-Glimmer-Gl\u00e4ser, Geister und Wollspinnen. <a href=\"http:\/\/www.rcv1936.de\/rcv\/wp-content\/uploads\/2011\/10\/glimmergl\u00e4ser.jpg\"><img loading=\"lazy\" decoding=\"async\" class=\"alignright size-medium wp-image-666\" title=\"glimmergl\u00e4ser\" src=\"http:\/\/www.rcv1936.de\/rcv\/wp-content\/uploads\/2011\/10\/glimmergl\u00e4ser-300x153.jpg\" alt=\"\" width=\"300\" height=\"153\" srcset=\"https:\/\/www.rcv1936.de\/rcv\/wp-content\/uploads\/2011\/10\/glimmergl\u00e4ser-300x153.jpg 300w, https:\/\/www.rcv1936.de\/rcv\/wp-content\/uploads\/2011\/10\/glimmergl\u00e4ser-1024x525.jpg 1024w\" sizes=\"auto, (max-width: 300px) 100vw, 300px\" \/><\/a><\/p>\n<p>Am Samstag, den 22.10.2011 um 15:00 Uhr l\u00e4dt der RCV in sein Zeughaus in der Hamburger Str. 31a in R\u00fcsselsheim ein. F\u00fcr das leibliche Wohl wird u. a. mit selbstgebackenen Kuchen, Pommes und W\u00fcrstchen bestens gesorgt sein. Die Eltern k\u00f6nnen sich bei Kaffee unterhalten, f\u00fcr die Kids wird mit k\u00fchlen Getr\u00e4nken gesorgt. F\u00fcr die Musik sorgt &#8222;DJ Deejay&#8220;. Der Eintritt kostet 2,00 Euro pro Person. Um entsprechende Halloweenkost\u00fcmierung wird gebeten. Alle Grusel-Kids erhalten selbstverst\u00e4ndlich auch &#8222;S\u00fc\u00dfes&#8220;, damit es nichts saures gibt.<\/p>\n","protected":false},"excerpt":{"rendered":"<p>Der GRUSEL-KNALLER, die RCV-Halloweenfete f\u00fcr Kinder bis 12 Jahren, wirft seine Schatten voraus. Die kleinen und &#8222;gro\u00dfen&#8220; Kinder haben am Wochenende flei\u00dfig gebastelt. Da wurde geschnitten, geklebt, gemalt, gewickelt, gespielt, gegessen und viel gelacht. Damit f\u00fcr die richtige Halloweendeko gesorgt &hellip; <a href=\"https:\/\/www.rcv1936.de\/rcv\/grusel-knaller-rcv-kids-basteln-fur-die-fete\/\">Weiterlesen <span class=\"meta-nav\">&rarr;<\/span><\/a><\/p>\n","protected":false},"author":10,"featured_media":0,"comment_status":"open","ping_status":"open","sticky":false,"template":"","format":"standard","meta":{"ngg_post_thumbnail":0,"footnotes":""},"categories":[1],"tags":[],"class_list":["post-664","post","type-post","status-publish","format-standard","hentry","category-allgemein"],"_links":{"self":[{"href":"https:\/\/www.rcv1936.de\/rcv\/wp-json\/wp\/v2\/posts\/664","targetHints":{"allow":["GET"]}}],"collection":[{"href":"https:\/\/www.rcv1936.de\/rcv\/wp-json\/wp\/v2\/posts"}],"about":[{"href":"https:\/\/www.rcv1936.de\/rcv\/wp-json\/wp\/v2\/types\/post"}],"author":[{"embeddable":true,"href":"https:\/\/www.rcv1936.de\/rcv\/wp-json\/wp\/v2\/users\/10"}],"replies":[{"embeddable":true,"href":"https:\/\/www.rcv1936.de\/rcv\/wp-json\/wp\/v2\/comments?post=664"}],"version-history":[{"count":1,"href":"https:\/\/www.rcv1936.de\/rcv\/wp-json\/wp\/v2\/posts\/664\/revisions"}],"predecessor-version":[{"id":667,"href":"https:\/\/www.rcv1936.de\/rcv\/wp-json\/wp\/v2\/posts\/664\/revisions\/667"}],"wp:attachment":[{"href":"https:\/\/www.rcv1936.de\/rcv\/wp-json\/wp\/v2\/media?parent=664"}],"wp:term":[{"taxonomy":"category","embeddable":true,"href":"https:\/\/www.rcv1936.de\/rcv\/wp-json\/wp\/v2\/categories?post=664"},{"taxonomy":"post_tag","embeddable":true,"href":"https:\/\/www.rcv1936.de\/rcv\/wp-json\/wp\/v2\/tags?post=664"}],"curies":[{"name":"wp","href":"https:\/\/api.w.org\/{rel}","templated":true}]}}