{"id":5851,"date":"2019-10-13T21:32:24","date_gmt":"2019-10-13T19:32:24","guid":{"rendered":"http:\/\/www.rcv1936.de\/rcv\/?p=5851"},"modified":"2019-10-14T08:27:29","modified_gmt":"2019-10-14T06:27:29","slug":"ueberraschende-wende-komiteevadder-karl-heinz-eitel-rettet-den-rcv","status":"publish","type":"post","link":"https:\/\/www.rcv1936.de\/rcv\/ueberraschende-wende-komiteevadder-karl-heinz-eitel-rettet-den-rcv\/","title":{"rendered":"\u00dcberraschende Wende, Komiteevadder Karl-Heinz Eitel rettet den RCV\u00a0"},"content":{"rendered":"<div id=\"attachment_4224\" style=\"width: 209px\" class=\"wp-caption alignleft\"><a href=\"http:\/\/www.rcv1936.de\/rcv\/wp-content\/uploads\/2011\/02\/RCV_3459.jpg\"><img loading=\"lazy\" decoding=\"async\" aria-describedby=\"caption-attachment-4224\" class=\"size-medium wp-image-4224\" src=\"http:\/\/www.rcv1936.de\/rcv\/wp-content\/uploads\/2011\/02\/RCV_3459-199x300.jpg\" alt=\"&quot;Karl-Heinz Eitel&quot; B\u00fcttenredner \" width=\"199\" height=\"300\" srcset=\"https:\/\/www.rcv1936.de\/rcv\/wp-content\/uploads\/2011\/02\/RCV_3459-199x300.jpg 199w, https:\/\/www.rcv1936.de\/rcv\/wp-content\/uploads\/2011\/02\/RCV_3459.jpg 511w\" sizes=\"auto, (max-width: 199px) 100vw, 199px\" \/><\/a><p id=\"caption-attachment-4224\" class=\"wp-caption-text\">&#8222;Karl-Heinz Eitel&#8220;<br \/>B\u00fcttenredner<\/p><\/div>\n<p><span style=\"font-weight: 400;\">Bereits zur JHV im Mai diesen Jahres war klar, es wird nicht einfach einen neuen Vorstand f\u00fcr den R\u00fcsselsheimer Carneval-Verein 1936 e.V (RCV) zu finden. Die amtierenden Vorstandsmitglieder Heiko Stach, Christian Schildge und J\u00f6rn L\u00fcder stehen aus unterschiedlichen Gr\u00fcnden f\u00fcr keine weitere Amtszeit zur Verf\u00fcgung. Auch mit zwei weiteren Mitgliederversammlungen konnte kein neuer Vorstand f\u00fcr den Verein gefunden werden.\u00a0<\/span><\/p>\n<p><span style=\"font-weight: 400;\">Im Gegenteil, aus den Reihen der Mitglieder wurde die Vereinsaufl\u00f6sung beantragt und in einer Versammlung abgestimmt. Im Nachgang wurde ein R\u00fcsselsheimer Anwalt kontaktiert der zu verstehen gab, dass die Vereinsaufl\u00f6sung in einer erneuten Versammlung angek\u00fcndigt werden muss und der gestellte Antrag bzw. die Abstimmung keine G\u00fcltigkeit hat.\u00a0<\/span><\/p>\n<p><span style=\"font-weight: 400;\">F\u00fcr Sonntag den 13. Oktober 2019 wurden die Mitglieder erneut eingeladen und die Mitgliederversammlung durch einen Anwalt gef\u00fchrt. Als einzige Tagesordnungspunkte standen die Abstimmung zur Vereinsaufl\u00f6sung und die daraus entstehende Vereinsabwicklung auf der Agenda. Bevor es jedoch zur Abstimmung der Vereinsaufl\u00f6sung kam, hatten alle anwesenden Mitglieder die M\u00f6glichkeit Fragen zu stellen um f\u00fcr sich Klarheit in das aktuelle Vorgehen zu bekommen. Nach einer kurzen Frage\/Antwortrunde wurde durch Karl-Heinz Eitel (Komiteevadder) mitgeteilt, dass sich die aktiven Mitglieder des RCV-Komitee besprochen haben und den neuen Vorstand stellen w\u00fcrden. Karl-Heinz Eitel w\u00fcrde die Speerspitze bilden und mit Ihm Werner Potthast, Annemarie G\u00f6bel sowie Friedel G\u00f6bel als Beisitzer. Im weiteren wurden die Berichte in der Presse \u00fcber die Abspaltung der Bembeljeescher entkr\u00e4ftet und klargestellt, dass die Bembeljeescher bereits heute nicht mehr spielf\u00e4hig sind. S\u00e4mtliche Auftritte und Anfragen mussten aufgrund fehlender Spieler abgesagt werden und die Zukunft der Gruppe ist zur Zeit unklar. Die Bembeljeescher sind aktuell auf keiner B\u00fchne oder bei Umz\u00fcgen zu sehen. Weiterhin wurde an Karl-Heinz Eitel die Frage gestellt wie er sich die Vereinsf\u00fchrung vorstellt und ob er den Gardetag durchf\u00fchren wolle. Hier m\u00fcsse jeder seinen Beitrag leisten und er w\u00fcrde sicherstellen, dass das fastnachliche Brauchtum auch weiterhin im RCV gepflegt wird. Die weiteren Fastnachtsvereine in R\u00fcsselsheim sollen ebenso eingebunden werden. Er als m\u00f6glicher zuk\u00fcnftiger Vorstand, sieht sich in der Rolle die Aufgaben entsprechend den Themen zu koordinieren. Auch die Tatsache das der RCV nicht \u00fcber die notwendigen Ressourcen verf\u00fcgt sieht er unproblematisch. Es sollte auch mit nur wenigen Mitgliedern zu stemmen sein, denn auch kleinere Vereine zeigen oftmals was sie leisten k\u00f6nnen.\u00a0<\/span><\/p>\n<p><span style=\"font-weight: 400;\">Im weiteren Verlauf wurde die Tagesordnung mit Abstimmung zur Vereinsaufl\u00f6sung vollzogen und mit dem Ergebnis der fehlenden \u00be Mehrheit kam die Aufl\u00f6sung nicht zustande. Mit Vorlauf von 4 Wochen werden die Mitglieder erneut eingeladen und die Tagesordnung um den Punkt Vorstandsneuwahlen erg\u00e4nzt.\u00a0\u00a0\u00a0<\/span><\/p>\n<p>&nbsp;<\/p>\n<p><span style=\"font-weight: 400;\">\u00a0\u00a0<\/span><\/p>\n<p>&nbsp;<\/p>\n","protected":false},"excerpt":{"rendered":"<p>Bereits zur JHV im Mai diesen Jahres war klar, es wird nicht einfach einen neuen Vorstand f\u00fcr den R\u00fcsselsheimer Carneval-Verein 1936 e.V (RCV) zu finden. Die amtierenden Vorstandsmitglieder Heiko Stach, Christian Schildge und J\u00f6rn L\u00fcder stehen aus unterschiedlichen Gr\u00fcnden f\u00fcr &hellip; <a href=\"https:\/\/www.rcv1936.de\/rcv\/ueberraschende-wende-komiteevadder-karl-heinz-eitel-rettet-den-rcv\/\">Weiterlesen <span class=\"meta-nav\">&rarr;<\/span><\/a><\/p>\n","protected":false},"author":10,"featured_media":0,"comment_status":"closed","ping_status":"closed","sticky":false,"template":"","format":"standard","meta":{"ngg_post_thumbnail":0,"footnotes":""},"categories":[1],"tags":[],"class_list":["post-5851","post","type-post","status-publish","format-standard","hentry","category-allgemein"],"_links":{"self":[{"href":"https:\/\/www.rcv1936.de\/rcv\/wp-json\/wp\/v2\/posts\/5851","targetHints":{"allow":["GET"]}}],"collection":[{"href":"https:\/\/www.rcv1936.de\/rcv\/wp-json\/wp\/v2\/posts"}],"about":[{"href":"https:\/\/www.rcv1936.de\/rcv\/wp-json\/wp\/v2\/types\/post"}],"author":[{"embeddable":true,"href":"https:\/\/www.rcv1936.de\/rcv\/wp-json\/wp\/v2\/users\/10"}],"replies":[{"embeddable":true,"href":"https:\/\/www.rcv1936.de\/rcv\/wp-json\/wp\/v2\/comments?post=5851"}],"version-history":[{"count":6,"href":"https:\/\/www.rcv1936.de\/rcv\/wp-json\/wp\/v2\/posts\/5851\/revisions"}],"predecessor-version":[{"id":5858,"href":"https:\/\/www.rcv1936.de\/rcv\/wp-json\/wp\/v2\/posts\/5851\/revisions\/5858"}],"wp:attachment":[{"href":"https:\/\/www.rcv1936.de\/rcv\/wp-json\/wp\/v2\/media?parent=5851"}],"wp:term":[{"taxonomy":"category","embeddable":true,"href":"https:\/\/www.rcv1936.de\/rcv\/wp-json\/wp\/v2\/categories?post=5851"},{"taxonomy":"post_tag","embeddable":true,"href":"https:\/\/www.rcv1936.de\/rcv\/wp-json\/wp\/v2\/tags?post=5851"}],"curies":[{"name":"wp","href":"https:\/\/api.w.org\/{rel}","templated":true}]}}