{"id":5838,"date":"2019-06-27T10:36:41","date_gmt":"2019-06-27T08:36:41","guid":{"rendered":"http:\/\/www.rcv1936.de\/rcv\/?p=5838"},"modified":"2019-06-27T10:36:41","modified_gmt":"2019-06-27T08:36:41","slug":"sommerpause","status":"publish","type":"post","link":"https:\/\/www.rcv1936.de\/rcv\/sommerpause\/","title":{"rendered":"Sommerpause"},"content":{"rendered":"<p><a href=\"http:\/\/www.rcv1936.de\/rcv\/wp-content\/uploads\/2019\/06\/Sommer2019.jpg\"><img loading=\"lazy\" decoding=\"async\" class=\"alignnone size-large wp-image-5837\" src=\"http:\/\/www.rcv1936.de\/rcv\/wp-content\/uploads\/2019\/06\/Sommer2019-1024x576.jpg\" alt=\"Sommer2019\" width=\"640\" height=\"360\" srcset=\"https:\/\/www.rcv1936.de\/rcv\/wp-content\/uploads\/2019\/06\/Sommer2019-1024x576.jpg 1024w, https:\/\/www.rcv1936.de\/rcv\/wp-content\/uploads\/2019\/06\/Sommer2019-300x169.jpg 300w, https:\/\/www.rcv1936.de\/rcv\/wp-content\/uploads\/2019\/06\/Sommer2019-768x432.jpg 768w\" sizes=\"auto, (max-width: 640px) 100vw, 640px\" \/><\/a>Der RCV geht traditionell zu den Hessischen Sommerferien in die Sommerpause. Wir w\u00fcnschen allen Freunden, Mitgliedern und deren Familien einen sch\u00f6nen Sommer und hoffen, dass wir uns im Anschluss wieder sehen um einen neuen Vorstand f\u00fcr den RCV zu w\u00e4hlen.<\/p>\n","protected":false},"excerpt":{"rendered":"<p>Der RCV geht traditionell zu den Hessischen Sommerferien in die Sommerpause. Wir w\u00fcnschen allen Freunden, Mitgliedern und deren Familien einen sch\u00f6nen Sommer und hoffen, dass wir uns im Anschluss wieder sehen um einen neuen Vorstand f\u00fcr den RCV zu w\u00e4hlen.<\/p>\n","protected":false},"author":10,"featured_media":0,"comment_status":"closed","ping_status":"closed","sticky":false,"template":"","format":"standard","meta":{"ngg_post_thumbnail":0,"footnotes":""},"categories":[1],"tags":[],"class_list":["post-5838","post","type-post","status-publish","format-standard","hentry","category-allgemein"],"_links":{"self":[{"href":"https:\/\/www.rcv1936.de\/rcv\/wp-json\/wp\/v2\/posts\/5838","targetHints":{"allow":["GET"]}}],"collection":[{"href":"https:\/\/www.rcv1936.de\/rcv\/wp-json\/wp\/v2\/posts"}],"about":[{"href":"https:\/\/www.rcv1936.de\/rcv\/wp-json\/wp\/v2\/types\/post"}],"author":[{"embeddable":true,"href":"https:\/\/www.rcv1936.de\/rcv\/wp-json\/wp\/v2\/users\/10"}],"replies":[{"embeddable":true,"href":"https:\/\/www.rcv1936.de\/rcv\/wp-json\/wp\/v2\/comments?post=5838"}],"version-history":[{"count":2,"href":"https:\/\/www.rcv1936.de\/rcv\/wp-json\/wp\/v2\/posts\/5838\/revisions"}],"predecessor-version":[{"id":5840,"href":"https:\/\/www.rcv1936.de\/rcv\/wp-json\/wp\/v2\/posts\/5838\/revisions\/5840"}],"wp:attachment":[{"href":"https:\/\/www.rcv1936.de\/rcv\/wp-json\/wp\/v2\/media?parent=5838"}],"wp:term":[{"taxonomy":"category","embeddable":true,"href":"https:\/\/www.rcv1936.de\/rcv\/wp-json\/wp\/v2\/categories?post=5838"},{"taxonomy":"post_tag","embeddable":true,"href":"https:\/\/www.rcv1936.de\/rcv\/wp-json\/wp\/v2\/tags?post=5838"}],"curies":[{"name":"wp","href":"https:\/\/api.w.org\/{rel}","templated":true}]}}