{"id":5807,"date":"2019-05-20T13:12:13","date_gmt":"2019-05-20T11:12:13","guid":{"rendered":"http:\/\/www.rcv1936.de\/rcv\/?p=5807"},"modified":"2019-05-20T13:12:13","modified_gmt":"2019-05-20T11:12:13","slug":"wiederholt-keine-vorstandvertreter-im-rcv","status":"publish","type":"post","link":"https:\/\/www.rcv1936.de\/rcv\/wiederholt-keine-vorstandvertreter-im-rcv\/","title":{"rendered":"Wiederholt keine Vorstandvertreter im RCV"},"content":{"rendered":"<p>Nachdem bereits in 2017, der damalige Vorstand (Sascha Auth, Markus G\u00f6tz und Alexandra Sippel), sich nicht weiter als Vereinsvertreter zur Verf\u00fcgung stellten, kam es wie so oft beim RCV zur au\u00dferordentlichen JHV. Letztlich stellten sich im Juli 2017 Heiko Stach, Christian Schildge und J\u00f6rn L\u00fcder unter gewissen Voraussetzungen zur Wahl und \u00fcbernahmen f\u00fcr zwei Jahre die Vorstandsaufgaben. Den Mitgliedern wurde aufgezeigt das nur mit geb\u00fcndelten Kr\u00e4ften der Verein aufrechterhalten werden k\u00f6nne und die prim\u00e4ren Themen auf das notwendigste beschr\u00e4nkt werden. So kam es im ersten Schritt zur intensiven Pr\u00fcfung der Finanzlage und Wiederherstellung der Vereinsstrukturen was auch dazu f\u00fchrte das einige Vereinsmitglieder die Mitgliedschaft im RCV k\u00fcndigte. Von den 70 Mitgliedern beteiligten sich knapp die H\u00e4lfte aktiv und so konnte der RCV an diverse Veranstaltungen teilnehmen und so den R\u00fcsselsheimern wieder ins Bewusstsein gebracht werden. Nicht zuletzt durch die Absage des desolaten MEGAFASTNACHTWOCHENENDEs und der mehr als erfolgreichen Wiederbelebung des Gardetags mit neuem Konzept ist der RCV wieder in aller Munde und in der \u00d6ffentlichkeit pr\u00e4sent.<br \/>\nDiese sehr umfangreiche Aufgaben und Themen haben leider auch Spuren hinterlassen und f\u00fchrten die Vorstandsmitglieder an die Grenze des machbaren und oft dar\u00fcber hinaus. Aus diesem Grund hat der Vorstand entschieden sich nicht mehr zur Wahl zu stellen. Dies wurde den Mitgliedern vor der Jahreshauptversammlung schriftlich mitgeteilt mit der Bitte, sich Gedanken um eine Nachfolge zu machen. Leider konnte am vergangenen Sonntag kein neuer Vorstand gefunden werden. Die n\u00e4chsten Schritte von Heiko Stach, Christian Schildge und J\u00f6rn L\u00fcder werden die Vorbereitungen zur notwendigen au\u00dferordentlichen Mitgliederversammlung in ca. 6 Wochen sein. F\u00fcr den Fall das auch weiterhin keine Mitglieder zur Vereinsf\u00fchrung gefunden werden, wird das Amtsgericht kontaktiert und um Unterst\u00fctzung bzw. \u00dcbernahme der Vereinsf\u00fchrung gebeten. Die Weichen f\u00fcr eine positive Zukunft sind auf jeden Fall gestellt. Die finanzielle Lage des Vereins ist sehr stabil und die Einladungen f\u00fcr den Gardetag sind verschickt. Sollte sich ein neuer Vorstand finden, kann es nahtlos weitergehen.     <\/p>\n","protected":false},"excerpt":{"rendered":"<p>Nachdem bereits in 2017, der damalige Vorstand (Sascha Auth, Markus G\u00f6tz und Alexandra Sippel), sich nicht weiter als Vereinsvertreter zur Verf\u00fcgung stellten, kam es wie so oft beim RCV zur au\u00dferordentlichen JHV. Letztlich stellten sich im Juli 2017 Heiko Stach, &hellip; <a href=\"https:\/\/www.rcv1936.de\/rcv\/wiederholt-keine-vorstandvertreter-im-rcv\/\">Weiterlesen <span class=\"meta-nav\">&rarr;<\/span><\/a><\/p>\n","protected":false},"author":10,"featured_media":0,"comment_status":"closed","ping_status":"closed","sticky":false,"template":"","format":"standard","meta":{"ngg_post_thumbnail":0,"footnotes":""},"categories":[1],"tags":[],"class_list":["post-5807","post","type-post","status-publish","format-standard","hentry","category-allgemein"],"_links":{"self":[{"href":"https:\/\/www.rcv1936.de\/rcv\/wp-json\/wp\/v2\/posts\/5807","targetHints":{"allow":["GET"]}}],"collection":[{"href":"https:\/\/www.rcv1936.de\/rcv\/wp-json\/wp\/v2\/posts"}],"about":[{"href":"https:\/\/www.rcv1936.de\/rcv\/wp-json\/wp\/v2\/types\/post"}],"author":[{"embeddable":true,"href":"https:\/\/www.rcv1936.de\/rcv\/wp-json\/wp\/v2\/users\/10"}],"replies":[{"embeddable":true,"href":"https:\/\/www.rcv1936.de\/rcv\/wp-json\/wp\/v2\/comments?post=5807"}],"version-history":[{"count":1,"href":"https:\/\/www.rcv1936.de\/rcv\/wp-json\/wp\/v2\/posts\/5807\/revisions"}],"predecessor-version":[{"id":5808,"href":"https:\/\/www.rcv1936.de\/rcv\/wp-json\/wp\/v2\/posts\/5807\/revisions\/5808"}],"wp:attachment":[{"href":"https:\/\/www.rcv1936.de\/rcv\/wp-json\/wp\/v2\/media?parent=5807"}],"wp:term":[{"taxonomy":"category","embeddable":true,"href":"https:\/\/www.rcv1936.de\/rcv\/wp-json\/wp\/v2\/categories?post=5807"},{"taxonomy":"post_tag","embeddable":true,"href":"https:\/\/www.rcv1936.de\/rcv\/wp-json\/wp\/v2\/tags?post=5807"}],"curies":[{"name":"wp","href":"https:\/\/api.w.org\/{rel}","templated":true}]}}