{"id":5805,"date":"2019-05-15T10:53:07","date_gmt":"2019-05-15T08:53:07","guid":{"rendered":"http:\/\/www.rcv1936.de\/rcv\/?p=5805"},"modified":"2019-05-15T10:53:07","modified_gmt":"2019-05-15T08:53:07","slug":"jahreshauptversammlung","status":"publish","type":"post","link":"https:\/\/www.rcv1936.de\/rcv\/jahreshauptversammlung\/","title":{"rendered":"Jahreshauptversammlung"},"content":{"rendered":"<p>Die Jahreshauptversammlung des R\u00fcsselsheimer Carneval Verein 1936 e.V. findet am Sonntag, 19.05.2019 um 11:00 Uhr im Zeughaus des RCV statt.<br \/>\nHier ist die Tagesordnung:<br \/>\n1. Begr\u00fc\u00dfung und Er\u00f6ffnung durch den Vorstand<br \/>\n2. Abstimmung \u00fcber das Verlesen oder die Auslage zur Einsicht des Protokolls der Jahreshauptversammlung vom 26.05.2018<br \/>\n3. Jahresberichte<br \/>\n4. Bericht der Kassenpr\u00fcfer<br \/>\n5. Wortmeldungen zu den gegebenen Berichten \/ Beitr\u00e4gen<br \/>\n6. Entlastung des Vorstandes<br \/>\n7. Neuwahlen des Vorstandes<br \/>\n8. Neuwahlen der Kassenpr\u00fcfer\/Revisoren<br \/>\n9. Eingegangene Antr\u00e4ge<br \/>\n10. Anfragen und Mitteilungen<\/p>\n","protected":false},"excerpt":{"rendered":"<p>Die Jahreshauptversammlung des R\u00fcsselsheimer Carneval Verein 1936 e.V. findet am Sonntag, 19.05.2019 um 11:00 Uhr im Zeughaus des RCV statt. Hier ist die Tagesordnung: 1. Begr\u00fc\u00dfung und Er\u00f6ffnung durch den Vorstand 2. Abstimmung \u00fcber das Verlesen oder die Auslage zur &hellip; <a href=\"https:\/\/www.rcv1936.de\/rcv\/jahreshauptversammlung\/\">Weiterlesen <span class=\"meta-nav\">&rarr;<\/span><\/a><\/p>\n","protected":false},"author":10,"featured_media":0,"comment_status":"closed","ping_status":"closed","sticky":false,"template":"","format":"standard","meta":{"ngg_post_thumbnail":0,"footnotes":""},"categories":[1],"tags":[],"class_list":["post-5805","post","type-post","status-publish","format-standard","hentry","category-allgemein"],"_links":{"self":[{"href":"https:\/\/www.rcv1936.de\/rcv\/wp-json\/wp\/v2\/posts\/5805","targetHints":{"allow":["GET"]}}],"collection":[{"href":"https:\/\/www.rcv1936.de\/rcv\/wp-json\/wp\/v2\/posts"}],"about":[{"href":"https:\/\/www.rcv1936.de\/rcv\/wp-json\/wp\/v2\/types\/post"}],"author":[{"embeddable":true,"href":"https:\/\/www.rcv1936.de\/rcv\/wp-json\/wp\/v2\/users\/10"}],"replies":[{"embeddable":true,"href":"https:\/\/www.rcv1936.de\/rcv\/wp-json\/wp\/v2\/comments?post=5805"}],"version-history":[{"count":1,"href":"https:\/\/www.rcv1936.de\/rcv\/wp-json\/wp\/v2\/posts\/5805\/revisions"}],"predecessor-version":[{"id":5806,"href":"https:\/\/www.rcv1936.de\/rcv\/wp-json\/wp\/v2\/posts\/5805\/revisions\/5806"}],"wp:attachment":[{"href":"https:\/\/www.rcv1936.de\/rcv\/wp-json\/wp\/v2\/media?parent=5805"}],"wp:term":[{"taxonomy":"category","embeddable":true,"href":"https:\/\/www.rcv1936.de\/rcv\/wp-json\/wp\/v2\/categories?post=5805"},{"taxonomy":"post_tag","embeddable":true,"href":"https:\/\/www.rcv1936.de\/rcv\/wp-json\/wp\/v2\/tags?post=5805"}],"curies":[{"name":"wp","href":"https:\/\/api.w.org\/{rel}","templated":true}]}}