{"id":5637,"date":"2018-11-09T21:10:00","date_gmt":"2018-11-09T20:10:00","guid":{"rendered":"http:\/\/www.rcv1936.de\/rcv\/?p=5637"},"modified":"2018-11-09T21:10:00","modified_gmt":"2018-11-09T20:10:00","slug":"gardetag-2019-wir-sind-dabei","status":"publish","type":"post","link":"https:\/\/www.rcv1936.de\/rcv\/gardetag-2019-wir-sind-dabei\/","title":{"rendered":"Gardetag 2019 &#8211; &#8211; &#8211; &#8211; *WIR SIND DABEI*"},"content":{"rendered":"<p><img loading=\"lazy\" decoding=\"async\" class=\"alignleft size-medium wp-image-5640\" src=\"http:\/\/www.rcv1936.de\/rcv\/wp-content\/uploads\/2018\/11\/20191109_Fastnacht-1-300x181.jpg\" alt=\"20191109_Fastnacht\" width=\"300\" height=\"181\" srcset=\"https:\/\/www.rcv1936.de\/rcv\/wp-content\/uploads\/2018\/11\/20191109_Fastnacht-1-300x181.jpg 300w, https:\/\/www.rcv1936.de\/rcv\/wp-content\/uploads\/2018\/11\/20191109_Fastnacht-1-768x464.jpg 768w, https:\/\/www.rcv1936.de\/rcv\/wp-content\/uploads\/2018\/11\/20191109_Fastnacht-1-1024x619.jpg 1024w, https:\/\/www.rcv1936.de\/rcv\/wp-content\/uploads\/2018\/11\/20191109_Fastnacht-1.jpg 1364w\" sizes=\"auto, (max-width: 300px) 100vw, 300px\" \/>Unter dem Motto \u201e<b><i>WIR SIND DABEI<\/i><\/b>\u201c erm\u00f6glichen wir EUCH die Beteiligung und Teilnahme am Gardetag 2019.<\/p>\n<p>Der Gardetag wird am 17. Februar 2019 mit fastn\u00e4chtlichen Events in der R\u00fcsselsheimer Innenstadt f\u00fcr Spa\u00df auf der Stra\u00dfe und dem Marktplatz sorgen.<\/p>\n<p>Wir beginnen mit dem traditionellen GUGGE-GOES-GOTTESDIENST in der Zeit von 10:11 Uhr bis ca. 11:00 Uhr in der Stadtkirche. Weiter geht es direkt auf dem Marktplatz, hier startet ab ca. 11:11 Uhr die Fastnachtsparty auf dem Marktplatz mit einer Liveband die von einer gro\u00dfen B\u00fchne den Zuschauern m\u00e4chtig einheizen wird und so die Wartezeit bis zum Umzug verk\u00fcrzt. Der Umzug wird um 14:11 Uhr durch B\u00f6llersch\u00fcsse am OPEL-Hauptportal losziehen und mit \u00fcber 50 Zugnummern f\u00fcr eine bunte Abwechslung auf den Stra\u00dfen sorgen. Sobald der letzte Zugteilnehmer am Marktplatz angekommen ist beginnt der zweite Party-Event, wieder mit einer Liveband die den Marktplatz in eine Fastnachts-Partyzone verwandelt.<\/p>\n<p>Wir bieten nun den R\u00fcsselsheimer Vereinen, Organisationen oder Unternehmen die M\u00f6glichkeit auf dem Marktplatz oder der Zugstrecke, Essens- oder Getr\u00e4nkest\u00e4nde zu betreiben. Die Gestattung zum Standbetrieb am Gardetag erfolgt ausschlie\u00dflich durch den RCV 1936 e.V..<\/p>\n<p>Gerne k\u00f6nnt Ihr ab sofort alle Fragen und Anregungen oder den Bedarf zum Standbetrieb an <span style=\"text-decoration: underline;\"><a href=\"mailto:ok@rcv.de\">ok@rcv.de<\/a><\/span> melden. Die Anfrage sollte eine kurze Information zum Ansprechpartner (Standbetreiber) Angebot und m\u00f6gliche Standgr\u00f6\u00dfe enthalten. Im Verlauf der weiteren Planung werden wir den Kontakt aufnehmen und nach Absprache versuchen die Bedarfe entsprechend den M\u00f6glichkeiten zu ber\u00fccksichtigen.<\/p>\n<p>Wir freuen uns auf Euch und stehen unter <a href=\"mailto:ok@rcv.de\">ok@rcv.de<\/a> f\u00fcr Fragen und Meldungen zur Verf\u00fcgung.<\/p>\n<p>Der Vorstand des<br \/>\nR\u00fcsselsheimer Carneval-Verein 1936 e.V.<\/p>\n<p>Christian , Heiko und J\u00f6rn<\/p>\n","protected":false},"excerpt":{"rendered":"<p>Unter dem Motto \u201eWIR SIND DABEI\u201c erm\u00f6glichen wir EUCH die Beteiligung und Teilnahme am Gardetag 2019. Der Gardetag wird am 17. Februar 2019 mit fastn\u00e4chtlichen Events in der R\u00fcsselsheimer Innenstadt f\u00fcr Spa\u00df auf der Stra\u00dfe und dem Marktplatz sorgen. Wir &hellip; <a href=\"https:\/\/www.rcv1936.de\/rcv\/gardetag-2019-wir-sind-dabei\/\">Weiterlesen <span class=\"meta-nav\">&rarr;<\/span><\/a><\/p>\n","protected":false},"author":10,"featured_media":0,"comment_status":"closed","ping_status":"closed","sticky":false,"template":"","format":"standard","meta":{"ngg_post_thumbnail":0,"footnotes":""},"categories":[1],"tags":[],"class_list":["post-5637","post","type-post","status-publish","format-standard","hentry","category-allgemein"],"_links":{"self":[{"href":"https:\/\/www.rcv1936.de\/rcv\/wp-json\/wp\/v2\/posts\/5637","targetHints":{"allow":["GET"]}}],"collection":[{"href":"https:\/\/www.rcv1936.de\/rcv\/wp-json\/wp\/v2\/posts"}],"about":[{"href":"https:\/\/www.rcv1936.de\/rcv\/wp-json\/wp\/v2\/types\/post"}],"author":[{"embeddable":true,"href":"https:\/\/www.rcv1936.de\/rcv\/wp-json\/wp\/v2\/users\/10"}],"replies":[{"embeddable":true,"href":"https:\/\/www.rcv1936.de\/rcv\/wp-json\/wp\/v2\/comments?post=5637"}],"version-history":[{"count":4,"href":"https:\/\/www.rcv1936.de\/rcv\/wp-json\/wp\/v2\/posts\/5637\/revisions"}],"predecessor-version":[{"id":5644,"href":"https:\/\/www.rcv1936.de\/rcv\/wp-json\/wp\/v2\/posts\/5637\/revisions\/5644"}],"wp:attachment":[{"href":"https:\/\/www.rcv1936.de\/rcv\/wp-json\/wp\/v2\/media?parent=5637"}],"wp:term":[{"taxonomy":"category","embeddable":true,"href":"https:\/\/www.rcv1936.de\/rcv\/wp-json\/wp\/v2\/categories?post=5637"},{"taxonomy":"post_tag","embeddable":true,"href":"https:\/\/www.rcv1936.de\/rcv\/wp-json\/wp\/v2\/tags?post=5637"}],"curies":[{"name":"wp","href":"https:\/\/api.w.org\/{rel}","templated":true}]}}