{"id":523,"date":"2011-08-08T18:16:29","date_gmt":"2011-08-08T16:16:29","guid":{"rendered":"http:\/\/www.rcv.de\/?p=523"},"modified":"2011-08-08T18:16:29","modified_gmt":"2011-08-08T16:16:29","slug":"festival-der-kulturen-rcv-aktiv-dabei","status":"publish","type":"post","link":"https:\/\/www.rcv1936.de\/rcv\/festival-der-kulturen-rcv-aktiv-dabei\/","title":{"rendered":"FESTIVAL DER KULTUREN: RCV AKTIV DABEI"},"content":{"rendered":"<p><a href=\"http:\/\/www.rcv1936.de\/rcv\/wp-content\/uploads\/2011\/08\/Plakat_FdK_2011.jpg\"><img loading=\"lazy\" decoding=\"async\" class=\"alignleft size-medium wp-image-525\" title=\"Plakat_FdK_2011\" src=\"http:\/\/www.rcv1936.de\/rcv\/wp-content\/uploads\/2011\/08\/Plakat_FdK_2011-212x300.jpg\" alt=\"\" width=\"212\" height=\"300\" srcset=\"https:\/\/www.rcv1936.de\/rcv\/wp-content\/uploads\/2011\/08\/Plakat_FdK_2011-212x300.jpg 212w, https:\/\/www.rcv1936.de\/rcv\/wp-content\/uploads\/2011\/08\/Plakat_FdK_2011-723x1024.jpg 723w, https:\/\/www.rcv1936.de\/rcv\/wp-content\/uploads\/2011\/08\/Plakat_FdK_2011.jpg 1222w\" sizes=\"auto, (max-width: 212px) 100vw, 212px\" \/><\/a>Mit seiner Beteiligung am &#8222;<strong>Festival der Kulturen<\/strong>&#8220; am Samstag, den 13.08. und Sonntag, den 14.08.2011 nimmt der R\u00fcsselsheimer Carneval-Verein 1936 e. V. (RCV) seine offiziellen T\u00e4tigkeiten nach der Sommerpause wieder auf. Der Traditionsverein wird mit einem Gastronomiestand und einem Info-Desk auf dem Theatervorplatz &#8222;Am Treff&#8220; in R\u00fcsselsheim vertreten sein. Zu seinem Angebot werden Kartoffelreibekuchen mit Apfelmus und Kaffee z\u00e4hlen. Bei ensprechendem Wetter ist auch an den Verkauf von Speiseeis gedacht. Das B\u00fchnenprogramm wird am Sonntag (14.) die RCV-Guggemusik &#8222;<a title=\"BEMBELJEESCHER\" href=\"http:\/\/www.bembeljeescher.de\" target=\"_blank\">BEMBELJEESCHER<\/a>&#8220; er\u00f6ffnen. Die \u00d6ffnungszeiten sind samstags ab 15:00 Uhr sowie Sonntag ab 10:00 Uhr. Der Eintritt zum Festival der Kulturen ist frei.<\/p>\n","protected":false},"excerpt":{"rendered":"<p>Mit seiner Beteiligung am &#8222;Festival der Kulturen&#8220; am Samstag, den 13.08. und Sonntag, den 14.08.2011 nimmt der R\u00fcsselsheimer Carneval-Verein 1936 e. V. (RCV) seine offiziellen T\u00e4tigkeiten nach der Sommerpause wieder auf. Der Traditionsverein wird mit einem Gastronomiestand und einem Info-Desk &hellip; <a href=\"https:\/\/www.rcv1936.de\/rcv\/festival-der-kulturen-rcv-aktiv-dabei\/\">Weiterlesen <span class=\"meta-nav\">&rarr;<\/span><\/a><\/p>\n","protected":false},"author":10,"featured_media":0,"comment_status":"open","ping_status":"open","sticky":false,"template":"","format":"standard","meta":{"ngg_post_thumbnail":0,"footnotes":""},"categories":[1],"tags":[],"class_list":["post-523","post","type-post","status-publish","format-standard","hentry","category-allgemein"],"_links":{"self":[{"href":"https:\/\/www.rcv1936.de\/rcv\/wp-json\/wp\/v2\/posts\/523","targetHints":{"allow":["GET"]}}],"collection":[{"href":"https:\/\/www.rcv1936.de\/rcv\/wp-json\/wp\/v2\/posts"}],"about":[{"href":"https:\/\/www.rcv1936.de\/rcv\/wp-json\/wp\/v2\/types\/post"}],"author":[{"embeddable":true,"href":"https:\/\/www.rcv1936.de\/rcv\/wp-json\/wp\/v2\/users\/10"}],"replies":[{"embeddable":true,"href":"https:\/\/www.rcv1936.de\/rcv\/wp-json\/wp\/v2\/comments?post=523"}],"version-history":[{"count":1,"href":"https:\/\/www.rcv1936.de\/rcv\/wp-json\/wp\/v2\/posts\/523\/revisions"}],"predecessor-version":[{"id":526,"href":"https:\/\/www.rcv1936.de\/rcv\/wp-json\/wp\/v2\/posts\/523\/revisions\/526"}],"wp:attachment":[{"href":"https:\/\/www.rcv1936.de\/rcv\/wp-json\/wp\/v2\/media?parent=523"}],"wp:term":[{"taxonomy":"category","embeddable":true,"href":"https:\/\/www.rcv1936.de\/rcv\/wp-json\/wp\/v2\/categories?post=523"},{"taxonomy":"post_tag","embeddable":true,"href":"https:\/\/www.rcv1936.de\/rcv\/wp-json\/wp\/v2\/tags?post=523"}],"curies":[{"name":"wp","href":"https:\/\/api.w.org\/{rel}","templated":true}]}}