{"id":5172,"date":"2016-11-15T08:12:09","date_gmt":"2016-11-15T07:12:09","guid":{"rendered":"http:\/\/www.rcv1936.de\/rcv\/?p=5172"},"modified":"2016-11-15T08:12:09","modified_gmt":"2016-11-15T07:12:09","slug":"das-erste-helau-am-backesbrunnen-um-11-uhr-11","status":"publish","type":"post","link":"https:\/\/www.rcv1936.de\/rcv\/das-erste-helau-am-backesbrunnen-um-11-uhr-11\/","title":{"rendered":"Das erste Helau am Backesbrunnen um \u201e11 Uhr 11\u201c"},"content":{"rendered":"<p>Mit genau 11 Saluts<a href=\"http:\/\/www.rcv1936.de\/rcv\/wp-content\/uploads\/2016\/11\/P1120053_11.11-Uhr-.jpg\"><img loading=\"lazy\" decoding=\"async\" class=\"alignleft wp-image-5174\" src=\"http:\/\/www.rcv1936.de\/rcv\/wp-content\/uploads\/2016\/11\/P1120053_11.11-Uhr-.jpg\" alt=\"p1120053_11-11-uhr\" width=\"340\" height=\"191\" srcset=\"https:\/\/www.rcv1936.de\/rcv\/wp-content\/uploads\/2016\/11\/P1120053_11.11-Uhr-.jpg 1000w, https:\/\/www.rcv1936.de\/rcv\/wp-content\/uploads\/2016\/11\/P1120053_11.11-Uhr--300x169.jpg 300w, https:\/\/www.rcv1936.de\/rcv\/wp-content\/uploads\/2016\/11\/P1120053_11.11-Uhr--768x432.jpg 768w\" sizes=\"auto, (max-width: 340px) 100vw, 340px\" \/><\/a>ch\u00fcssen aus 3 Kanonen \u201ebegr\u00fc\u00dften\u201c die Kanoniere von der Wiesbadener Prinzengarde vom Fl\u00f6rsheimer Narren Club\u00a0 und vom R\u00fcsselsheimer Carneval-Verein die neue Kampagne.<\/p>\n<p>Der rote Wecker auf dem Backesbrunnen zeigte 11.11 Uhr, am 11. 11., da begr\u00fc\u00dften Sitzungspr\u00e4sident Bernd Helbig und Sitzungspr\u00e4sidentin Sonja Gr\u00f6ber vom CCR die Narren am Freitagmorgen unter Regentropfen mit gereimten Versen. 2017 steht die Kampagne beim CCR unter dem Motto: TV Lieblinge der Kindheit sind bereit, beim CCR zur Fastnachtszeit. Deshalb zeigt der Kampagne- Orden auch ein Fernsehger\u00e4t mit dem fr\u00fcher \u00fcblichen Testbild.<\/p>\n<p>Wie seit vielen Jahren schon, hatte der Carneval Club Raunheim (CCR) zum Fastnachtsbeginn befreundete Vereine eingeladen und es kamen die Narren, Gardisten und Komitees, der Prinzess Margret Garde (PMG), des R\u00fcsselsheimer Carneval Vereins (RCV), und vom Fl\u00f6rsheimer Narren Club (FNC).<\/p>\n<p>Auch die Kinder von den beiden Kinderg\u00e4rten \u201eRegenbogen\u201c und \u201eSchatzkiste\u201c \u2013 teilweise<br \/>\nmit Ponchos bekleidet &#8211; waren mit Ihren Betreuerrinnen am Backesbrunnen eingetroffen und sangen wie im letzten Jahr aus vollem Halse vor den Narren, dass es eine Freude war.<br \/>\nZwar im Hintergrund wurde er mit der CCR Narrenkappe doch erkannt, der Raunheimer<br \/>\nB\u00fcrgermeister Thomas J\u00fche.<\/p>\n<p>Karl-Heinz Eitel vom RCV rief seine gereimten Gru\u00dfworte danach unter einem riesigen<br \/>\nRegenschirm lautstark in die Menge und mit einem Hall die Gail f\u00fcr die Fl\u00f6rsheimer Narren und einem dreifachen Helau schloss er seine Begr\u00fc\u00dfung.<\/p>\n<p>Aber das war nur der Anfang, zum ersten Mal wurde auch gesungen. Obwohl keine Musikunterst\u00fctzung vor Ort war, animierte Karl-Heinz Eitel mit seinem eigens f\u00fcr den CCR komponierten Lied \u201eAm Backesbrunne wird gelacht\u201c die Narren zum Schunkeln und Singen.<\/p>\n<p>Der RCV war mit einer Abordnung der Ehrengarde, alles Mitglieder der Offiziere der Reserve, bestehend aus 6 Personen, mitten drin und dabei.<br \/>\n<a href=\"http:\/\/www.rcv1936.de\/rcv\/wp-content\/uploads\/2016\/11\/P1120043_Alle-Kanoniere.jpg\"><img loading=\"lazy\" decoding=\"async\" class=\"wp-image-5173 alignright\" src=\"http:\/\/www.rcv1936.de\/rcv\/wp-content\/uploads\/2016\/11\/P1120043_Alle-Kanoniere.jpg\" alt=\"p1120043_alle-kanoniere\" width=\"323\" height=\"230\" srcset=\"https:\/\/www.rcv1936.de\/rcv\/wp-content\/uploads\/2016\/11\/P1120043_Alle-Kanoniere.jpg 1000w, https:\/\/www.rcv1936.de\/rcv\/wp-content\/uploads\/2016\/11\/P1120043_Alle-Kanoniere-300x214.jpg 300w, https:\/\/www.rcv1936.de\/rcv\/wp-content\/uploads\/2016\/11\/P1120043_Alle-Kanoniere-768x548.jpg 768w\" sizes=\"auto, (max-width: 323px) 100vw, 323px\" \/><\/a><br \/>\nNach Beendigung des n\u00e4rrischen Spektakels am Backesbrunnen trafen sich die uniformierten Narren im \u201eB\u00e4mbelsche\u201c um gemeinsam das Mittagessen und die ersten neuen Fastnachtseineindr\u00fccke in gem\u00fctlicher Runde zu \u201everdauen\u201c.<\/p>\n<p>Der RCV feiert seine Kampagne-Er\u00f6ffnung mit Ordensfest am Samstag, den 19. November<br \/>\nin seinem Zeughaus intern f\u00fcr seine Mitglieder.<\/p>\n<p>Autor: Karl-Heinz Eitel<\/p>\n","protected":false},"excerpt":{"rendered":"<p>Mit genau 11 Salutsch\u00fcssen aus 3 Kanonen \u201ebegr\u00fc\u00dften\u201c die Kanoniere von der Wiesbadener Prinzengarde vom Fl\u00f6rsheimer Narren Club\u00a0 und vom R\u00fcsselsheimer Carneval-Verein die neue Kampagne. Der rote Wecker auf dem Backesbrunnen zeigte 11.11 Uhr, am 11. 11., da begr\u00fc\u00dften Sitzungspr\u00e4sident &hellip; <a href=\"https:\/\/www.rcv1936.de\/rcv\/das-erste-helau-am-backesbrunnen-um-11-uhr-11\/\">Weiterlesen <span class=\"meta-nav\">&rarr;<\/span><\/a><\/p>\n","protected":false},"author":10,"featured_media":0,"comment_status":"closed","ping_status":"open","sticky":false,"template":"","format":"standard","meta":{"ngg_post_thumbnail":0,"footnotes":""},"categories":[1],"tags":[],"class_list":["post-5172","post","type-post","status-publish","format-standard","hentry","category-allgemein"],"_links":{"self":[{"href":"https:\/\/www.rcv1936.de\/rcv\/wp-json\/wp\/v2\/posts\/5172","targetHints":{"allow":["GET"]}}],"collection":[{"href":"https:\/\/www.rcv1936.de\/rcv\/wp-json\/wp\/v2\/posts"}],"about":[{"href":"https:\/\/www.rcv1936.de\/rcv\/wp-json\/wp\/v2\/types\/post"}],"author":[{"embeddable":true,"href":"https:\/\/www.rcv1936.de\/rcv\/wp-json\/wp\/v2\/users\/10"}],"replies":[{"embeddable":true,"href":"https:\/\/www.rcv1936.de\/rcv\/wp-json\/wp\/v2\/comments?post=5172"}],"version-history":[{"count":4,"href":"https:\/\/www.rcv1936.de\/rcv\/wp-json\/wp\/v2\/posts\/5172\/revisions"}],"predecessor-version":[{"id":5178,"href":"https:\/\/www.rcv1936.de\/rcv\/wp-json\/wp\/v2\/posts\/5172\/revisions\/5178"}],"wp:attachment":[{"href":"https:\/\/www.rcv1936.de\/rcv\/wp-json\/wp\/v2\/media?parent=5172"}],"wp:term":[{"taxonomy":"category","embeddable":true,"href":"https:\/\/www.rcv1936.de\/rcv\/wp-json\/wp\/v2\/categories?post=5172"},{"taxonomy":"post_tag","embeddable":true,"href":"https:\/\/www.rcv1936.de\/rcv\/wp-json\/wp\/v2\/tags?post=5172"}],"curies":[{"name":"wp","href":"https:\/\/api.w.org\/{rel}","templated":true}]}}