{"id":3805,"date":"2014-07-06T14:14:03","date_gmt":"2014-07-06T12:14:03","guid":{"rendered":"http:\/\/www.rcv1936.de\/rcv\/?p=3805"},"modified":"2014-07-06T16:04:18","modified_gmt":"2014-07-06T14:04:18","slug":"rcv-tanzgruppen-im-magischen-wandel","status":"publish","type":"post","link":"https:\/\/www.rcv1936.de\/rcv\/rcv-tanzgruppen-im-magischen-wandel\/","title":{"rendered":"RCV-Tanzgruppen im magischen Wandel"},"content":{"rendered":"<p style=\"text-align: justify;\"><a href=\"http:\/\/www.rcv1936.de\/rcv\/wp-content\/uploads\/2014\/07\/RCV_0001.jpg\"><img loading=\"lazy\" decoding=\"async\" class=\"size-medium wp-image-3806 alignleft\" title=\"RCV_0001\" src=\"http:\/\/www.rcv1936.de\/rcv\/wp-content\/uploads\/2014\/07\/RCV_0001-300x199.jpg\" alt=\"Magicals \" width=\"300\" height=\"199\" srcset=\"https:\/\/www.rcv1936.de\/rcv\/wp-content\/uploads\/2014\/07\/RCV_0001-300x199.jpg 300w, https:\/\/www.rcv1936.de\/rcv\/wp-content\/uploads\/2014\/07\/RCV_0001.jpg 1024w\" sizes=\"auto, (max-width: 300px) 100vw, 300px\" \/><\/a>Ein letztes Mal pr\u00e4sentierten sich die Kinder der Showtanzgruppe Magicals in der gemischten Formation bestehend aus tanzbegeisterten Kindern im Alter ab 4 Jahren. Zu Gast war die Showtanzgruppe in der Kindertagesst\u00e4tte St. Christopherus und trug mit dem Auftritt dazu bei, den zuk\u00fcnftigen Schulkindern einen magischen Wechsel in einen neuen Lebensabschnitt angenehm zu gestalten. An dieser Stelle w\u00fcnschen wir allen Schulanf\u00e4ngern viel Spa\u00df, Gl\u00fcck und einen guten Start in die Schulzeit. Bereits w\u00e4hrend der Kampagne 2013\/2014 wurden Stimmen laut, welche nach einer Gardetanzgruppe riefen. Zeitnah hatte der RCV-Vorstand mit den Verantwortlichen der Tanzgruppen, Manuela Bachmann und Anke L\u00fcder, ein neues Konzept erstellt und in die Tat umgesetzt und damit den W\u00fcnschen der Kinder, Eltern und Mitglieder entsprochen. <!--more-->Die Tanzgruppen wurden entsprechend der Interessen in Altersgruppen unterteilt und eine Gardetanzgruppe ins Leben gerufen. Seit April 2014 bietet nun der R\u00fcsselsheimer Carneval-Verein 1936 e.V., zus\u00e4tzlich zu den Showtanzgruppen Magicals, Wizards und den Gardesolos, nun auch die Sparte \u201eGardetanz\u201c f\u00fcr Kinder ab 6 Jahren an. Die RCV-Tanzgruppen bestehen nun aus vier Gruppen, zum einen die Showtanzgruppe Magicals, mit Kindern im Alter von 4 bis 8 Jahren, zum zweiten die Showtanzgruppe Wizards mit Kindern im Alter von 9 bis 14 Jahren. Weiterhin die Gardesolistinnen als eigenst\u00e4ndige Gruppe und neu hinzugekommen ist die Gardetanzgruppe \u201eDestinys\u201c f\u00fcr Kinder im Alter ab 6 Jahren. Gerne k\u00f6nnen sich Interessierte an Manuela Bachmann oder Anke L\u00fcder wenden und Details zu den Gruppen abfragen. Auch die Aktivgruppen Bembeljeescher, Redner, Komitee&#8217;s, Artillerie, Hexen- und H\u00e4sgruppe geben gerne \u00fcber ihre Aktivit\u00e4ten Auskunft und freuen sich \u00fcber jede Unterst\u00fctzung. Weitere Informationen zu den Aktivgruppen und der R\u00fcsselsheimer Strassenfastnacht werden demn\u00e4chst in aktualisierter Form auf der Internetpr\u00e4senz des RCV (<a href=\"http:\/\/www.rcv.de\/\">www.rcv.de<\/a>) zu finden sein.<\/p>\n<p>J\u00f6rn L\u00fcder<br \/>\n+49 (0) 1573 \u2013 43 79 467<br \/>\nvorstand (at) rcv.de<\/p>\n<p><a href=\"https:\/\/www.facebook.com\/pages\/R%C3%BCsselsheimer-Carneval-Verein-1936-eV\/720645257961089?ref=hl\"><img loading=\"lazy\" decoding=\"async\" title=\"851581_371114989659302_1663619632_n\" src=\"http:\/\/www.rcv1936.de\/rcv\/wp-content\/uploads\/2013\/09\/851581_371114989659302_1663619632_n.png\" alt=\"\" width=\"87\" height=\"45\" \/><\/a><\/p>\n","protected":false},"excerpt":{"rendered":"<p>Ein letztes Mal pr\u00e4sentierten sich die Kinder der Showtanzgruppe Magicals in der gemischten Formation bestehend aus tanzbegeisterten Kindern im Alter ab 4 Jahren. Zu Gast war die Showtanzgruppe in der Kindertagesst\u00e4tte St. Christopherus und trug mit dem Auftritt dazu bei, &hellip; <a href=\"https:\/\/www.rcv1936.de\/rcv\/rcv-tanzgruppen-im-magischen-wandel\/\">Weiterlesen <span class=\"meta-nav\">&rarr;<\/span><\/a><\/p>\n","protected":false},"author":10,"featured_media":0,"comment_status":"open","ping_status":"open","sticky":false,"template":"","format":"standard","meta":{"ngg_post_thumbnail":0,"footnotes":""},"categories":[1],"tags":[],"class_list":["post-3805","post","type-post","status-publish","format-standard","hentry","category-allgemein"],"_links":{"self":[{"href":"https:\/\/www.rcv1936.de\/rcv\/wp-json\/wp\/v2\/posts\/3805","targetHints":{"allow":["GET"]}}],"collection":[{"href":"https:\/\/www.rcv1936.de\/rcv\/wp-json\/wp\/v2\/posts"}],"about":[{"href":"https:\/\/www.rcv1936.de\/rcv\/wp-json\/wp\/v2\/types\/post"}],"author":[{"embeddable":true,"href":"https:\/\/www.rcv1936.de\/rcv\/wp-json\/wp\/v2\/users\/10"}],"replies":[{"embeddable":true,"href":"https:\/\/www.rcv1936.de\/rcv\/wp-json\/wp\/v2\/comments?post=3805"}],"version-history":[{"count":10,"href":"https:\/\/www.rcv1936.de\/rcv\/wp-json\/wp\/v2\/posts\/3805\/revisions"}],"predecessor-version":[{"id":3817,"href":"https:\/\/www.rcv1936.de\/rcv\/wp-json\/wp\/v2\/posts\/3805\/revisions\/3817"}],"wp:attachment":[{"href":"https:\/\/www.rcv1936.de\/rcv\/wp-json\/wp\/v2\/media?parent=3805"}],"wp:term":[{"taxonomy":"category","embeddable":true,"href":"https:\/\/www.rcv1936.de\/rcv\/wp-json\/wp\/v2\/categories?post=3805"},{"taxonomy":"post_tag","embeddable":true,"href":"https:\/\/www.rcv1936.de\/rcv\/wp-json\/wp\/v2\/tags?post=3805"}],"curies":[{"name":"wp","href":"https:\/\/api.w.org\/{rel}","templated":true}]}}