{"id":3790,"date":"2014-07-06T12:27:46","date_gmt":"2014-07-06T10:27:46","guid":{"rendered":"http:\/\/www.rcv1936.de\/rcv\/?p=3790"},"modified":"2014-07-06T12:28:51","modified_gmt":"2014-07-06T10:28:51","slug":"3790","status":"publish","type":"post","link":"https:\/\/www.rcv1936.de\/rcv\/3790\/","title":{"rendered":"au\u00dferordentliche Mitgliederversammlung 2014"},"content":{"rendered":"<h3 style=\"text-align: justify;\"><a href=\"http:\/\/www.rcv1936.de\/rcv\/wp-content\/uploads\/2014\/07\/Juli-2014.jpg\"><img loading=\"lazy\" decoding=\"async\" class=\"alignright size-medium wp-image-3791\" title=\"Juli 2014\" src=\"http:\/\/www.rcv1936.de\/rcv\/wp-content\/uploads\/2014\/07\/Juli-2014-300x211.jpg\" alt=\"\" width=\"300\" height=\"211\" srcset=\"https:\/\/www.rcv1936.de\/rcv\/wp-content\/uploads\/2014\/07\/Juli-2014-300x211.jpg 300w, https:\/\/www.rcv1936.de\/rcv\/wp-content\/uploads\/2014\/07\/Juli-2014.jpg 674w\" sizes=\"auto, (max-width: 300px) 100vw, 300px\" \/><\/a>Gem\u00e4\u00df \u00a7 8 unsere Satzung, laden wir alle Mitglieder des R\u00fcsselsheimer Carneval-Verein 1936 e.V. zur au\u00dferordentlichen Mitgliederversammlung ein. Die schriftlichen Einladungen zur au\u00dferodentlichen Mitgliederversammlung wurden allen Mitgliedern auf dem Postweg rechtzeitig zugesandt. Die Tagesordnungspunkte sind der Einladung zu entnehmen.<\/h3>\n<h3 style=\"text-align: left;\"><strong>\u00a0\u00a0\u00a0\u00a0\u00a0\u00a0\u00a0\u00a0\u00a0\u00a0\u00a0\u00a0\u00a0\u00a0\u00a0\u00a0\u00a0\u00a0\u00a0\u00a0\u00a0\u00a0\u00a0\u00a0\u00a0\u00a0\u00a0\u00a0\u00a0\u00a0\u00a0\u00a0\u00a0\u00a0\u00a0\u00a0\u00a0\u00a0\u00a0\u00a0\u00a0\u00a0\u00a0\u00a0\u00a0\u00a0\u00a0\u00a0\u00a0\u00a0\u00a0\u00a0\u00a0\u00a0\u00a0\u00a0\u00a0\u00a0\u00a0\u00a0\u00a0\u00a0\u00a0\u00a0\u00a0 Montag 28. Juli 2014<\/strong><\/h3>\n<h3 style=\"text-align: left;\"><strong>\u00a0\u00a0\u00a0\u00a0\u00a0\u00a0\u00a0\u00a0\u00a0\u00a0\u00a0\u00a0\u00a0\u00a0\u00a0\u00a0\u00a0\u00a0\u00a0\u00a0\u00a0\u00a0\u00a0\u00a0\u00a0\u00a0\u00a0\u00a0\u00a0\u00a0\u00a0\u00a0\u00a0\u00a0\u00a0\u00a0\u00a0\u00a0\u00a0\u00a0\u00a0\u00a0\u00a0\u00a0\u00a0\u00a0\u00a0\u00a0\u00a0\u00a0\u00a0\u00a0\u00a0\u00a0\u00a0\u00a0\u00a0\u00a0\u00a0\u00a0\u00a0\u00a0\u00a0\u00a0\u00a0 18:30 Uhr<\/strong><\/h3>\n<h3 style=\"text-align: left;\"><strong>\u00a0\u00a0\u00a0\u00a0\u00a0\u00a0\u00a0\u00a0\u00a0\u00a0\u00a0\u00a0\u00a0\u00a0\u00a0\u00a0\u00a0\u00a0\u00a0\u00a0\u00a0\u00a0\u00a0\u00a0\u00a0\u00a0\u00a0\u00a0\u00a0\u00a0\u00a0\u00a0\u00a0\u00a0\u00a0\u00a0\u00a0\u00a0\u00a0\u00a0\u00a0\u00a0\u00a0\u00a0\u00a0\u00a0\u00a0\u00a0\u00a0\u00a0\u00a0\u00a0\u00a0\u00a0\u00a0\u00a0\u00a0\u00a0\u00a0\u00a0\u00a0\u00a0\u00a0\u00a0\u00a0 RCV-Zeughaus, Hamburger Str. 31a<\/strong><\/h3>\n<h3 style=\"text-align: left;\"><strong>\u00a0\u00a0\u00a0\u00a0\u00a0\u00a0\u00a0\u00a0\u00a0\u00a0\u00a0\u00a0\u00a0\u00a0\u00a0\u00a0\u00a0\u00a0\u00a0\u00a0\u00a0\u00a0\u00a0\u00a0\u00a0\u00a0\u00a0\u00a0\u00a0\u00a0\u00a0\u00a0\u00a0\u00a0\u00a0\u00a0\u00a0\u00a0\u00a0\u00a0\u00a0\u00a0\u00a0\u00a0\u00a0\u00a0\u00a0\u00a0\u00a0\u00a0\u00a0\u00a0\u00a0\u00a0\u00a0\u00a0\u00a0\u00a0\u00a0\u00a0\u00a0\u00a0\u00a0\u00a0\u00a0 65428 R\u00fcsselsheim<\/strong><\/h3>\n<p>&nbsp;<\/p>\n<p>J\u00f6rn L\u00fcder<br \/>\n+49 (0) 1573 \u2013 43 79 467<br \/>\nvorstand (at) rcv.de<\/p>\n","protected":false},"excerpt":{"rendered":"<p>Gem\u00e4\u00df \u00a7 8 unsere Satzung, laden wir alle Mitglieder des R\u00fcsselsheimer Carneval-Verein 1936 e.V. zur au\u00dferordentlichen Mitgliederversammlung ein. Die schriftlichen Einladungen zur au\u00dferodentlichen Mitgliederversammlung wurden allen Mitgliedern auf dem Postweg rechtzeitig zugesandt. Die Tagesordnungspunkte sind der Einladung zu entnehmen. \u00a0\u00a0\u00a0\u00a0\u00a0\u00a0\u00a0\u00a0\u00a0\u00a0\u00a0\u00a0\u00a0\u00a0\u00a0\u00a0\u00a0\u00a0\u00a0\u00a0\u00a0\u00a0\u00a0\u00a0\u00a0\u00a0\u00a0\u00a0\u00a0\u00a0\u00a0\u00a0\u00a0\u00a0\u00a0\u00a0\u00a0\u00a0\u00a0\u00a0\u00a0\u00a0\u00a0\u00a0\u00a0\u00a0\u00a0\u00a0\u00a0\u00a0\u00a0\u00a0\u00a0\u00a0\u00a0\u00a0\u00a0\u00a0\u00a0\u00a0\u00a0\u00a0\u00a0\u00a0\u00a0 &hellip; <a href=\"https:\/\/www.rcv1936.de\/rcv\/3790\/\">Weiterlesen <span class=\"meta-nav\">&rarr;<\/span><\/a><\/p>\n","protected":false},"author":10,"featured_media":0,"comment_status":"open","ping_status":"open","sticky":false,"template":"","format":"standard","meta":{"ngg_post_thumbnail":0,"footnotes":""},"categories":[1],"tags":[],"class_list":["post-3790","post","type-post","status-publish","format-standard","hentry","category-allgemein"],"_links":{"self":[{"href":"https:\/\/www.rcv1936.de\/rcv\/wp-json\/wp\/v2\/posts\/3790","targetHints":{"allow":["GET"]}}],"collection":[{"href":"https:\/\/www.rcv1936.de\/rcv\/wp-json\/wp\/v2\/posts"}],"about":[{"href":"https:\/\/www.rcv1936.de\/rcv\/wp-json\/wp\/v2\/types\/post"}],"author":[{"embeddable":true,"href":"https:\/\/www.rcv1936.de\/rcv\/wp-json\/wp\/v2\/users\/10"}],"replies":[{"embeddable":true,"href":"https:\/\/www.rcv1936.de\/rcv\/wp-json\/wp\/v2\/comments?post=3790"}],"version-history":[{"count":12,"href":"https:\/\/www.rcv1936.de\/rcv\/wp-json\/wp\/v2\/posts\/3790\/revisions"}],"predecessor-version":[{"id":3803,"href":"https:\/\/www.rcv1936.de\/rcv\/wp-json\/wp\/v2\/posts\/3790\/revisions\/3803"}],"wp:attachment":[{"href":"https:\/\/www.rcv1936.de\/rcv\/wp-json\/wp\/v2\/media?parent=3790"}],"wp:term":[{"taxonomy":"category","embeddable":true,"href":"https:\/\/www.rcv1936.de\/rcv\/wp-json\/wp\/v2\/categories?post=3790"},{"taxonomy":"post_tag","embeddable":true,"href":"https:\/\/www.rcv1936.de\/rcv\/wp-json\/wp\/v2\/tags?post=3790"}],"curies":[{"name":"wp","href":"https:\/\/api.w.org\/{rel}","templated":true}]}}