{"id":3170,"date":"2013-11-14T05:33:30","date_gmt":"2013-11-14T04:33:30","guid":{"rendered":"http:\/\/www.rcv1936.de\/rcv\/?p=3170"},"modified":"2013-11-14T09:11:39","modified_gmt":"2013-11-14T08:11:39","slug":"drei-zwei-einshelau","status":"publish","type":"post","link":"https:\/\/www.rcv1936.de\/rcv\/drei-zwei-einshelau\/","title":{"rendered":"Drei, zwei, eins\u2026Helau!"},"content":{"rendered":"<p>\u00a0<strong style=\"mso-bidi-font-weight: normal;\">Fastnachtskampagne 2014 am Backesbrunnen er\u00f6ffnet.<\/strong><\/p>\n<p class=\"MsoNormal\" style=\"text-align: justify;\"><a href=\"http:\/\/www.rcv1936.de\/rcv\/wp-content\/uploads\/2013\/11\/Er\u00f6ffnung-2013.jpg\"><img loading=\"lazy\" decoding=\"async\" class=\"alignleft size-medium wp-image-3171\" title=\"Er\u00f6ffnung 2013\" src=\"http:\/\/www.rcv1936.de\/rcv\/wp-content\/uploads\/2013\/11\/Er\u00f6ffnung-2013-300x232.jpg\" alt=\"\" width=\"300\" height=\"232\" srcset=\"https:\/\/www.rcv1936.de\/rcv\/wp-content\/uploads\/2013\/11\/Er\u00f6ffnung-2013-300x232.jpg 300w, https:\/\/www.rcv1936.de\/rcv\/wp-content\/uploads\/2013\/11\/Er\u00f6ffnung-2013.jpg 992w\" sizes=\"auto, (max-width: 300px) 100vw, 300px\" \/><\/a>Mit lautem \u201eBums\u201c und mehreren Salven aus 4 Kanonen wurde am 11.11. am Backesbrunnen in Raunheim die Fastnachtskampagne 2014 begonnen, nachdem kurz zuvor p\u00fcnktlich um 11 Uhr 11 der Wecker auf dem Brunnenrand geklingelt hatte. Traditionell hatte der Carneval Club Raunheim (CCR) zum Fastnachtsbeginn eingeladen und es kamen die Narren, Gardisten und Komitees der befreundeten Vereine der Prinz Margret Garde (PMG), des R\u00fcsselsheimer Carneval Vereins (RCV), der Wiesbadener Prinzengarde und vom Fl\u00f6rsheimer Narren Club (FNC). <!--more-->Die Narren wurden von Bernd Helbig und Sonja Gr\u00fcber \u00a0vom CCR mit n\u00e4rrischen Worten begr\u00fc\u00dft und zu einem Glas Sekt eingeladen. Auch die Kinder vom Kinder-garten \u201eRegenbogen\u201c waren mit selbst gebastelten Zeitungsschiffchen n\u00e4rrisch beh\u00fctet mit Ihren Betreurinnen am Backesbrunnen eingetroffen und betrachteten still und etwas verwundert das n\u00e4rrische Treiben.\u00a0 Angef\u00fchrt vom RCV Kanonier und Stadtmarschall Horst Weidner, war auch der \u201eKomiteevadder\u201c Karl-Heinz Eitel vom RCV mit einer Abordnung der Ehrengarde, alles Mitglieder der Offiziere der Reserve, mitten drin im fastnachtlichen Geschehen. <a href=\"http:\/\/www.rcv1936.de\/rcv\/wp-content\/uploads\/2013\/11\/RCV-am-Backesbrunnen_10.57-Uhr.jpg\"><img loading=\"lazy\" decoding=\"async\" class=\"wp-image-3172 alignright\" title=\"RCV am Backesbrunnen_10.57 Uhr\" src=\"http:\/\/www.rcv1936.de\/rcv\/wp-content\/uploads\/2013\/11\/RCV-am-Backesbrunnen_10.57-Uhr-300x229.jpg\" alt=\"\" width=\"300\" height=\"229\" srcset=\"https:\/\/www.rcv1936.de\/rcv\/wp-content\/uploads\/2013\/11\/RCV-am-Backesbrunnen_10.57-Uhr-300x229.jpg 300w, https:\/\/www.rcv1936.de\/rcv\/wp-content\/uploads\/2013\/11\/RCV-am-Backesbrunnen_10.57-Uhr.jpg 1003w\" sizes=\"auto, (max-width: 300px) 100vw, 300px\" \/><\/a>Zwar in Zivil, aber wieder erkannt, wurde Willi Wirth, ehemaliger Redakteur der Mainspitze und fr\u00fcherer Organisator der \u201eN\u00e4rrischen Generalversammlung\u201c, einer Kampagneer\u00f6ffnung um den 11.11. herum, an der meist mehr als 12 Karnevalvereine in und um R\u00fcsselsheim teilgenommen hatten. Nach Beendigung des n\u00e4rrischen Spektakels am Backesbrunnen trafen sich fast alle uniformierten Narren im \u201eB\u00e4mbelche\u201c um gemeinsam das Mittagessen und die ersten neuen Fastnachtseindr\u00fccke in gem\u00fctlicher Runde zu \u201everdauen\u201c.<\/p>\n<p class=\"MsoNormal\" style=\"text-align: justify;\">Bericht: Karl-Heinz Eitel<\/p>\n<p class=\"MsoNormal\" style=\"text-align: justify;\">J\u00f6rn L\u00fcder<br \/>\n+49 (0) 1573 \u2013 43 79 467<br \/>\nvorstand (at) rcv.de<\/p>\n<p><a href=\"https:\/\/www.facebook.com\/pages\/R%C3%BCsselsheimer-Carneval-Verein-1936-eV\/720645257961089?ref=hl\"><img loading=\"lazy\" decoding=\"async\" class=\"alignleft  wp-image-3023\" title=\"851581_371114989659302_1663619632_n\" src=\"http:\/\/www.rcv1936.de\/rcv\/wp-content\/uploads\/2013\/09\/851581_371114989659302_1663619632_n.png\" alt=\"\" width=\"87\" height=\"45\" \/><\/a><\/p>\n<p class=\"MsoNormal\" style=\"text-align: justify;\">\u00a0<\/p>\n","protected":false},"excerpt":{"rendered":"<p>\u00a0Fastnachtskampagne 2014 am Backesbrunnen er\u00f6ffnet. Mit lautem \u201eBums\u201c und mehreren Salven aus 4 Kanonen wurde am 11.11. am Backesbrunnen in Raunheim die Fastnachtskampagne 2014 begonnen, nachdem kurz zuvor p\u00fcnktlich um 11 Uhr 11 der Wecker auf dem Brunnenrand geklingelt hatte. &hellip; <a href=\"https:\/\/www.rcv1936.de\/rcv\/drei-zwei-einshelau\/\">Weiterlesen <span class=\"meta-nav\">&rarr;<\/span><\/a><\/p>\n","protected":false},"author":10,"featured_media":0,"comment_status":"open","ping_status":"open","sticky":false,"template":"","format":"standard","meta":{"ngg_post_thumbnail":0,"footnotes":""},"categories":[1],"tags":[],"class_list":["post-3170","post","type-post","status-publish","format-standard","hentry","category-allgemein"],"_links":{"self":[{"href":"https:\/\/www.rcv1936.de\/rcv\/wp-json\/wp\/v2\/posts\/3170","targetHints":{"allow":["GET"]}}],"collection":[{"href":"https:\/\/www.rcv1936.de\/rcv\/wp-json\/wp\/v2\/posts"}],"about":[{"href":"https:\/\/www.rcv1936.de\/rcv\/wp-json\/wp\/v2\/types\/post"}],"author":[{"embeddable":true,"href":"https:\/\/www.rcv1936.de\/rcv\/wp-json\/wp\/v2\/users\/10"}],"replies":[{"embeddable":true,"href":"https:\/\/www.rcv1936.de\/rcv\/wp-json\/wp\/v2\/comments?post=3170"}],"version-history":[{"count":10,"href":"https:\/\/www.rcv1936.de\/rcv\/wp-json\/wp\/v2\/posts\/3170\/revisions"}],"predecessor-version":[{"id":3182,"href":"https:\/\/www.rcv1936.de\/rcv\/wp-json\/wp\/v2\/posts\/3170\/revisions\/3182"}],"wp:attachment":[{"href":"https:\/\/www.rcv1936.de\/rcv\/wp-json\/wp\/v2\/media?parent=3170"}],"wp:term":[{"taxonomy":"category","embeddable":true,"href":"https:\/\/www.rcv1936.de\/rcv\/wp-json\/wp\/v2\/categories?post=3170"},{"taxonomy":"post_tag","embeddable":true,"href":"https:\/\/www.rcv1936.de\/rcv\/wp-json\/wp\/v2\/tags?post=3170"}],"curies":[{"name":"wp","href":"https:\/\/api.w.org\/{rel}","templated":true}]}}