{"id":3151,"date":"2013-11-02T07:03:55","date_gmt":"2013-11-02T06:03:55","guid":{"rendered":"http:\/\/www.rcv1936.de\/rcv\/?p=3151"},"modified":"2013-11-04T21:40:09","modified_gmt":"2013-11-04T20:40:09","slug":"in-vollem-gange","status":"publish","type":"post","link":"https:\/\/www.rcv1936.de\/rcv\/in-vollem-gange\/","title":{"rendered":"In vollem Gange \u2026.."},"content":{"rendered":"<p style=\"text-align: justify;\"><a href=\"http:\/\/www.rcv1936.de\/rcv\/wp-content\/uploads\/2013\/11\/Stempel_Logo-7x11a4.png\"><img loading=\"lazy\" decoding=\"async\" class=\"alignleft size-thumbnail wp-image-3152\" title=\"Stempel_Logo 7x11a4\" src=\"http:\/\/www.rcv1936.de\/rcv\/wp-content\/uploads\/2013\/11\/Stempel_Logo-7x11a4-150x150.png\" alt=\"\" width=\"150\" height=\"150\" srcset=\"https:\/\/www.rcv1936.de\/rcv\/wp-content\/uploads\/2013\/11\/Stempel_Logo-7x11a4-150x150.png 150w, https:\/\/www.rcv1936.de\/rcv\/wp-content\/uploads\/2013\/11\/Stempel_Logo-7x11a4-300x300.png 300w, https:\/\/www.rcv1936.de\/rcv\/wp-content\/uploads\/2013\/11\/Stempel_Logo-7x11a4.png 573w\" sizes=\"auto, (max-width: 150px) 100vw, 150px\" \/><\/a>\u2026\u2026sind die Vorbereitungen zum 77-j\u00e4hrigen Vereinsbestehen und dem n\u00e4rrischen 11j\u00e4hrigen bestehen der Bembeljeescher. Gefeilt wird aktuell noch an dem Programm, hier lassen wir zurzeit noch Freiraum f\u00fcr geladene G\u00e4ste und Vereine die sich evtl. zum Start der Kampagne pr\u00e4sentieren m\u00f6chten. Klar ist schon jetzt, die Bembeljeescher, Redner und Tanzgruppen des RCV, werden am 23.11.2013, Neues und Bekanntes zeigen. <!--more--><\/p>\n<p style=\"text-align: justify;\">Die Organisation der Feier obliegt einer Planungsgruppe die sich aus dem Vorstand incl. dem erweiterten Vorstand zusammensetzt. Ein gro\u00dfer Punkt ist das Wohlergehen der G\u00e4ste. J\u00f6rg Weidner und Andreas Fritsch haben sich den Hut aufgezogen und werden mit einem Versorgungsteam f\u00fcr Speisen und Getr\u00e4nke sorgen. Bleibt abzuwarten was den G\u00e4sten angeboten wird. Um die Preise so gering wie m\u00f6glich zu halten, wird auf einen Tischservice verzichtet und die G\u00e4ste haben die M\u00f6glichkeit wie auch bei anderen Veranstaltungen, sich selbst an den entsprechenden Stellen im Saal zu versorgen.\u00a0 In letzter Minute wurde uns noch mitgeteilt, dass die Nutzung der Immanuel-Kant-Aula, am 23.11.2013 erst ab 13:00 Uhr m\u00f6glich ist. F\u00fcr die Organisatoren bedeutet dies zus\u00e4tzlichen Zeitdruck, da bereits um 18:11 Uhr die ersten G\u00e4ste zur Ordensverleihung anwesend sein werden. Auch am darauf folgenden Tag kann von Entspannung keine Rede sein. Bereits um 12:00 Uhr muss die Schule wieder ger\u00e4umt sein da der n\u00e4chste Mieter in den Startl\u00f6chern steht um die R\u00e4umlichkeiten zu nutzen. Der RCV mit seinem Mitgliedern freut sich bereits jetzt auf die etwas andere Kampagneer\u00f6ffnung.<\/p>\n<p class=\"MsoNormal\" style=\"text-align: justify;\">J\u00f6rn L\u00fcder<br \/>\n+49 (0) 1573 \u2013 43 79 467<br \/>\nvorstand (at) rcv.de<\/p>\n<p class=\"MsoNormal\" style=\"text-align: justify;\"><a href=\"https:\/\/www.facebook.com\/pages\/R%C3%BCsselsheimer-Carneval-Verein-1936-eV\/720645257961089?ref=hl\"><img loading=\"lazy\" decoding=\"async\" class=\"alignleft  wp-image-3023\" title=\"851581_371114989659302_1663619632_n\" src=\"http:\/\/www.rcv1936.de\/rcv\/wp-content\/uploads\/2013\/09\/851581_371114989659302_1663619632_n.png\" alt=\"\" width=\"87\" height=\"45\" \/><\/a><\/p>\n","protected":false},"excerpt":{"rendered":"<p>\u2026\u2026sind die Vorbereitungen zum 77-j\u00e4hrigen Vereinsbestehen und dem n\u00e4rrischen 11j\u00e4hrigen bestehen der Bembeljeescher. Gefeilt wird aktuell noch an dem Programm, hier lassen wir zurzeit noch Freiraum f\u00fcr geladene G\u00e4ste und Vereine die sich evtl. zum Start der Kampagne pr\u00e4sentieren m\u00f6chten. &hellip; <a href=\"https:\/\/www.rcv1936.de\/rcv\/in-vollem-gange\/\">Weiterlesen <span class=\"meta-nav\">&rarr;<\/span><\/a><\/p>\n","protected":false},"author":10,"featured_media":0,"comment_status":"open","ping_status":"open","sticky":false,"template":"","format":"standard","meta":{"ngg_post_thumbnail":0,"footnotes":""},"categories":[1],"tags":[],"class_list":["post-3151","post","type-post","status-publish","format-standard","hentry","category-allgemein"],"_links":{"self":[{"href":"https:\/\/www.rcv1936.de\/rcv\/wp-json\/wp\/v2\/posts\/3151","targetHints":{"allow":["GET"]}}],"collection":[{"href":"https:\/\/www.rcv1936.de\/rcv\/wp-json\/wp\/v2\/posts"}],"about":[{"href":"https:\/\/www.rcv1936.de\/rcv\/wp-json\/wp\/v2\/types\/post"}],"author":[{"embeddable":true,"href":"https:\/\/www.rcv1936.de\/rcv\/wp-json\/wp\/v2\/users\/10"}],"replies":[{"embeddable":true,"href":"https:\/\/www.rcv1936.de\/rcv\/wp-json\/wp\/v2\/comments?post=3151"}],"version-history":[{"count":8,"href":"https:\/\/www.rcv1936.de\/rcv\/wp-json\/wp\/v2\/posts\/3151\/revisions"}],"predecessor-version":[{"id":3160,"href":"https:\/\/www.rcv1936.de\/rcv\/wp-json\/wp\/v2\/posts\/3151\/revisions\/3160"}],"wp:attachment":[{"href":"https:\/\/www.rcv1936.de\/rcv\/wp-json\/wp\/v2\/media?parent=3151"}],"wp:term":[{"taxonomy":"category","embeddable":true,"href":"https:\/\/www.rcv1936.de\/rcv\/wp-json\/wp\/v2\/categories?post=3151"},{"taxonomy":"post_tag","embeddable":true,"href":"https:\/\/www.rcv1936.de\/rcv\/wp-json\/wp\/v2\/tags?post=3151"}],"curies":[{"name":"wp","href":"https:\/\/api.w.org\/{rel}","templated":true}]}}